{"id":769,"global_id":"www.gemeindeblatt-egestorf.de\/wordpress?id=769","global_id_lineage":["www.gemeindeblatt-egestorf.de\/wordpress?id=769"],"author":"1","status":"publish","date":"2020-08-09 13:03:01","date_utc":"2020-08-09 11:03:01","modified":"2020-08-09 13:08:13","modified_utc":"2020-08-09 11:08:13","url":"http:\/\/www.gemeindeblatt-egestorf.de\/wordpress\/event\/miah-openair-klangmosaik-der-letzten-jahrhunderte\/","rest_url":"http:\/\/www.gemeindeblatt-egestorf.de\/wordpress\/wp-json\/tribe\/events\/v1\/events\/769","title":"MiaH-OpenAir \u201eKlangmosaik der letzten Jahrhunderte\u201c","description":"<div class=\"event-content clearfix\">\n<div>Drau\u00dfen vor der St. Stephanus-Kirche<br \/>\n<strong>Jiddische Lieder und Werke von J. S. Bach, J. G. Rheinberger, J. Langlais u.a.<\/strong><\/div>\n<div><strong>Duo KomplementAir<\/strong>: Christoph Semmler -Trompete, Fl\u00fcgelhorn, Maria J\u00fcrgensen &#8211; OrgelNeben bekannten und\u00a0 Repertoirest\u00fccken sollen in diesem festlichen Konzert f\u00fcr Trompete und Orgel auch Werke erklingen, die man in dieser beliebten Instrumentenkombination noch nicht geh\u00f6rt hat.<\/p>\n<\/div>\n<div>So spielen die beiden Hamburger Musiker Christoph Semmler (Trompete und Fl\u00fcgelhorn) und Maria J\u00fcrgensen (Orgel) die Konzertsonate in D-Dur von Georg P. Telemann, die vor allem durch den gro\u00dfen Trompeter Maurice Andr\u00e9 Bekanntheit erlangte. Hierbei handelt es sich eigentlich um eine eher schlicht gehaltene Komposition, der Andr\u00e9 durch die \u00dcbertragung teilweise sehr virtuoser Passagen der urspr\u00fcnglichen Geigenbegleitung in die Trompetenstimme zu neuem Glanz verhalf.<\/div>\n<div>Auf der anderen Seite des Spektrums werden aber auch Jiddischen Lieder erklingen; diese Klezmer-Melodien, die meist mit dem wunderbaren Klarinettenklang von Giora Feidman verbunden werden, hat Christoph Semmler eigens f\u00fcr das warm klingende Fl\u00fcgelhorn und Orgel arrangiert. Man darf also gespannt auf dieses bunte und mitrei\u00dfende Konzert sein.<\/div>\n<\/div>\n<p class=\"my-small\"><strong>Ort:\u00a0<\/strong>St. Stephanus &#8211; Egestorf, Suderm\u00fchler Weg 1, 21272 Egestorf<\/p>\n<p>Es gelten die Corona-Abstandsregeln, H\u00e4nde-Desinfektionsmittel vor Ort.<\/p>\n<p>Foto: S. Steinhardt<\/p>","excerpt":"","slug":"miah-openair-klangmosaik-der-letzten-jahrhunderte","image":{"url":"http:\/\/www.gemeindeblatt-egestorf.de\/wordpress\/wp-content\/uploads\/2020\/08\/2020-07-26_Konzert-St-Stephanus.jpg","id":771,"extension":"jpg","width":1600,"height":1200,"sizes":{"medium":{"width":300,"height":225,"mime-type":"image\/jpeg","url":"http:\/\/www.gemeindeblatt-egestorf.de\/wordpress\/wp-content\/uploads\/2020\/08\/2020-07-26_Konzert-St-Stephanus-300x225.jpg"},"large":{"width":1024,"height":768,"mime-type":"image\/jpeg","url":"http:\/\/www.gemeindeblatt-egestorf.de\/wordpress\/wp-content\/uploads\/2020\/08\/2020-07-26_Konzert-St-Stephanus-1024x768.jpg"},"thumbnail":{"width":150,"height":150,"mime-type":"image\/jpeg","url":"http:\/\/www.gemeindeblatt-egestorf.de\/wordpress\/wp-content\/uploads\/2020\/08\/2020-07-26_Konzert-St-Stephanus-150x150.jpg"},"medium_large":{"width":768,"height":576,"mime-type":"image\/jpeg","url":"http:\/\/www.gemeindeblatt-egestorf.de\/wordpress\/wp-content\/uploads\/2020\/08\/2020-07-26_Konzert-St-Stephanus-768x576.jpg"},"1536x1536":{"width":1536,"height":1152,"mime-type":"image\/jpeg","url":"http:\/\/www.gemeindeblatt-egestorf.de\/wordpress\/wp-content\/uploads\/2020\/08\/2020-07-26_Konzert-St-Stephanus-1536x1152.jpg"},"portfolio-full":{"width":940,"height":400,"mime-type":"image\/jpeg","url":"http:\/\/www.gemeindeblatt-egestorf.de\/wordpress\/wp-content\/uploads\/2020\/08\/2020-07-26_Konzert-St-Stephanus-940x400.jpg"},"portfolio-one":{"width":540,"height":272,"mime-type":"image\/jpeg","url":"http:\/\/www.gemeindeblatt-egestorf.de\/wordpress\/wp-content\/uploads\/2020\/08\/2020-07-26_Konzert-St-Stephanus-540x272.jpg"},"portfolio-two":{"width":460,"height":295,"mime-type":"image\/jpeg","url":"http:\/\/www.gemeindeblatt-egestorf.de\/wordpress\/wp-content\/uploads\/2020\/08\/2020-07-26_Konzert-St-Stephanus-460x295.jpg"},"portfolio-three":{"width":300,"height":214,"mime-type":"image\/jpeg","url":"http:\/\/www.gemeindeblatt-egestorf.de\/wordpress\/wp-content\/uploads\/2020\/08\/2020-07-26_Konzert-St-Stephanus-300x214.jpg"},"portfolio-five":{"width":177,"height":142,"mime-type":"image\/jpeg","url":"http:\/\/www.gemeindeblatt-egestorf.de\/wordpress\/wp-content\/uploads\/2020\/08\/2020-07-26_Konzert-St-Stephanus-177x142.jpg"},"blog-large":{"width":669,"height":272,"mime-type":"image\/jpeg","url":"http:\/\/www.gemeindeblatt-egestorf.de\/wordpress\/wp-content\/uploads\/2020\/08\/2020-07-26_Konzert-St-Stephanus-669x272.jpg"},"blog-medium":{"width":320,"height":202,"mime-type":"image\/jpeg","url":"http:\/\/www.gemeindeblatt-egestorf.de\/wordpress\/wp-content\/uploads\/2020\/08\/2020-07-26_Konzert-St-Stephanus-320x202.jpg"},"recent-posts":{"width":700,"height":441,"mime-type":"image\/jpeg","url":"http:\/\/www.gemeindeblatt-egestorf.de\/wordpress\/wp-content\/uploads\/2020\/08\/2020-07-26_Konzert-St-Stephanus-700x441.jpg"},"recent-works-thumbnail":{"width":66,"height":66,"mime-type":"image\/jpeg","url":"http:\/\/www.gemeindeblatt-egestorf.de\/wordpress\/wp-content\/uploads\/2020\/08\/2020-07-26_Konzert-St-Stephanus-66x66.jpg"},"fusion-200":{"width":200,"height":150,"mime-type":"image\/jpeg","url":"http:\/\/www.gemeindeblatt-egestorf.de\/wordpress\/wp-content\/uploads\/2020\/08\/2020-07-26_Konzert-St-Stephanus-200x150.jpg"},"fusion-400":{"width":400,"height":300,"mime-type":"image\/jpeg","url":"http:\/\/www.gemeindeblatt-egestorf.de\/wordpress\/wp-content\/uploads\/2020\/08\/2020-07-26_Konzert-St-Stephanus-400x300.jpg"},"fusion-600":{"width":600,"height":450,"mime-type":"image\/jpeg","url":"http:\/\/www.gemeindeblatt-egestorf.de\/wordpress\/wp-content\/uploads\/2020\/08\/2020-07-26_Konzert-St-Stephanus-600x450.jpg"},"fusion-800":{"width":800,"height":600,"mime-type":"image\/jpeg","url":"http:\/\/www.gemeindeblatt-egestorf.de\/wordpress\/wp-content\/uploads\/2020\/08\/2020-07-26_Konzert-St-Stephanus-800x600.jpg"},"fusion-1200":{"width":1200,"height":900,"mime-type":"image\/jpeg","url":"http:\/\/www.gemeindeblatt-egestorf.de\/wordpress\/wp-content\/uploads\/2020\/08\/2020-07-26_Konzert-St-Stephanus-1200x900.jpg"}}},"all_day":false,"start_date":"2020-08-09 17:00:00","start_date_details":{"year":"2020","month":"08","day":"09","hour":"17","minutes":"00","seconds":"00"},"end_date":"2020-08-09 18:30:00","end_date_details":{"year":"2020","month":"08","day":"09","hour":"18","minutes":"30","seconds":"00"},"utc_start_date":"2020-08-09 15:00:00","utc_start_date_details":{"year":"2020","month":"08","day":"09","hour":"15","minutes":"00","seconds":"00"},"utc_end_date":"2020-08-09 16:30:00","utc_end_date_details":{"year":"2020","month":"08","day":"09","hour":"16","minutes":"30","seconds":"00"},"timezone":"Europe\/Berlin","timezone_abbr":"CEST","cost":"Euro12","cost_details":{"currency_symbol":"Euro","currency_position":"prefix","values":["12"]},"website":"www.musik-in-alten-heidekirchen.de","show_map":true,"show_map_link":true,"hide_from_listings":false,"sticky":false,"featured":false,"categories":[],"tags":[],"venue":{"id":383,"author":"1","status":"publish","date":"2019-07-15 12:15:26","date_utc":"2019-07-15 10:15:26","modified":"2019-07-15 12:15:26","modified_utc":"2019-07-15 10:15:26","url":"http:\/\/www.gemeindeblatt-egestorf.de\/wordpress\/veranstaltungsort\/st-stephanus-kirche-egestorf\/","venue":"St. Stephanus Kirche, Egestorf","slug":"st-stephanus-kirche-egestorf","address":"Suderm\u00fchler Weg 1","city":"Egestorf","country":"Deutschland","zip":"21272","phone":"00494175468","website":"https:\/\/www.egestorf.de\/regional\/veranstaltungen\/musik-in-alten-heidekirchen-911004179-20100.html","json_ld":{"@type":"Place","name":"St. Stephanus Kirche, Egestorf","description":"","url":"","address":{"@type":"PostalAddress","streetAddress":"Suderm\u00fchler Weg 1","addressLocality":"Egestorf","postalCode":"21272","addressCountry":"Deutschland"},"telephone":"00494175468","sameAs":"https:\/\/www.egestorf.de\/regional\/veranstaltungen\/musik-in-alten-heidekirchen-911004179-20100.html"},"show_map":true,"show_map_link":true,"global_id":"www.gemeindeblatt-egestorf.de\/wordpress?id=383","global_id_lineage":["www.gemeindeblatt-egestorf.de\/wordpress?id=383"]},"organizer":[{"id":743,"author":"1","status":"publish","date":"2020-07-04 10:07:31","date_utc":"2020-07-04 08:07:31","modified":"2020-07-04 10:07:31","modified_utc":"2020-07-04 08:07:31","url":"http:\/\/www.gemeindeblatt-egestorf.de\/wordpress\/veranstalter\/musik-in-alten-heidekirchen\/","organizer":"Musik in alten Heidekirchen","slug":"musik-in-alten-heidekirchen","website":"www.musik-in-alten-heidekirchen.de","email":"kontakt@musik-in-alten-heidekirchen.de","json_ld":{"@type":"Person","name":"Musik in alten Heidekirchen","description":"","url":"","telephone":"","email":"kontakt@musik-in-alten-heidekirchen.de","sameAs":"http:\/\/www.musik-in-alten-heidekirchen.de"},"global_id":"www.gemeindeblatt-egestorf.de\/wordpress?id=743","global_id_lineage":["www.gemeindeblatt-egestorf.de\/wordpress?id=743"]}],"json_ld":{"@context":"http:\/\/schema.org","@type":"Event","name":"MiaH-OpenAir \u201eKlangmosaik der letzten Jahrhunderte\u201c","description":"&lt;p&gt;Drau\u00dfen vor der St. Stephanus-Kirche Jiddische Lieder und Werke von J. S. Bach, J. G. Rheinberger, J. Langlais u.a. Duo KomplementAir: Christoph Semmler -Trompete, Fl\u00fcgelhorn, Maria J\u00fcrgensen - OrgelNeben bekannten und\u00a0 Repertoirest\u00fccken sollen in diesem festlichen Konzert f\u00fcr Trompete und Orgel auch Werke erklingen, die man in dieser beliebten Instrumentenkombination noch nicht geh\u00f6rt hat. So [&hellip;]&lt;\/p&gt;\\n","image":"http:\/\/www.gemeindeblatt-egestorf.de\/wordpress\/wp-content\/uploads\/2020\/08\/2020-07-26_Konzert-St-Stephanus.jpg","url":"http:\/\/www.gemeindeblatt-egestorf.de\/wordpress\/event\/miah-openair-klangmosaik-der-letzten-jahrhunderte\/","startDate":"2020-08-09T17:00:00+02:00","endDate":"2020-08-09T18:30:00+02:00","location":{"@type":"Place","name":"St. Stephanus Kirche, Egestorf","description":"","url":"","address":{"@type":"PostalAddress","streetAddress":"Suderm\u00fchler Weg 1","addressLocality":"Egestorf","postalCode":"21272","addressCountry":"Deutschland"},"telephone":"00494175468","sameAs":"https:\/\/www.egestorf.de\/regional\/veranstaltungen\/musik-in-alten-heidekirchen-911004179-20100.html"},"organizer":{"@type":"Person","name":"Musik in alten Heidekirchen","description":"","url":"","telephone":"","email":"kontakt@musik-in-alten-heidekirchen.de","sameAs":"http:\/\/www.musik-in-alten-heidekirchen.de"},"offers":{"@type":"Offer","price":"12","priceCurrency":"Euro","url":"http:\/\/www.gemeindeblatt-egestorf.de\/wordpress\/event\/miah-openair-klangmosaik-der-letzten-jahrhunderte\/","category":"primary","availability":"inStock","validFrom":"2020-08-09T00:00:00+00:00"},"performer":"Organization"}}