{"id":600,"global_id":"www.gemeindeblatt-egestorf.de\/wordpress?id=600","global_id_lineage":["www.gemeindeblatt-egestorf.de\/wordpress?id=600"],"author":"1","status":"publish","date":"2019-10-23 21:25:36","date_utc":"2019-10-23 19:25:36","modified":"2019-10-23 22:12:50","modified_utc":"2019-10-23 20:12:50","url":"http:\/\/www.gemeindeblatt-egestorf.de\/wordpress\/event\/herbstmarkt-egestorf\/","rest_url":"http:\/\/www.gemeindeblatt-egestorf.de\/wordpress\/wp-json\/tribe\/events\/v1\/events\/600","title":"Herbstmarkt Egestorf","description":"<p>Der Egestorfer Kram- und Viehmarkt in der L\u00fcneburger Heide hat Tradition. Es gibt ihn bereits seit 1379. Der Name des Egestorfer Herbstmarktes lautet offiziell \u201eKram- und Viehmarkt\u201c, denn fr\u00fcher wie heute handelt man hier mit Vieh und Waren.<br \/>\nDer Viehmarkt findet am Sonntag statt und beginnt bereits in der Fr\u00fche um 8.00 Uhr. Erstehen kann man hier Kleinvieh wie Hasen, Meerschweinchen und H\u00fchner sowie Ponys und Pferde. Rund um die Kirche lockt die Budenstadt am Sonntag und am Montag die G\u00e4ste zu kulinarischen Gen\u00fcssen, Autoscooterfahrten oder auch dazu, sich mit Blumenzwiebeln vom Holl\u00e4nder oder den neuesten Haushaltartikeln einzudecken.<br \/>\nDer Egestorfer Markt zieht jedes Jahr Tausende von Besuchern an und ist Treffpunkt von Familien und Freunden.<\/p>","excerpt":"","slug":"herbstmarkt-egestorf","image":{"url":"http:\/\/www.gemeindeblatt-egestorf.de\/wordpress\/wp-content\/uploads\/2019\/10\/Herbstmarkt-2014-MR_1280.jpg","id":599,"extension":"jpg","width":1280,"height":1502,"sizes":{"thumbnail":{"width":150,"height":150,"mime-type":"image\/jpeg","url":"http:\/\/www.gemeindeblatt-egestorf.de\/wordpress\/wp-content\/uploads\/2019\/10\/Herbstmarkt-2014-MR_1280-150x150.jpg"},"medium":{"width":256,"height":300,"mime-type":"image\/jpeg","url":"http:\/\/www.gemeindeblatt-egestorf.de\/wordpress\/wp-content\/uploads\/2019\/10\/Herbstmarkt-2014-MR_1280-256x300.jpg"},"medium_large":{"width":768,"height":901,"mime-type":"image\/jpeg","url":"http:\/\/www.gemeindeblatt-egestorf.de\/wordpress\/wp-content\/uploads\/2019\/10\/Herbstmarkt-2014-MR_1280-768x901.jpg"},"large":{"width":873,"height":1024,"mime-type":"image\/jpeg","url":"http:\/\/www.gemeindeblatt-egestorf.de\/wordpress\/wp-content\/uploads\/2019\/10\/Herbstmarkt-2014-MR_1280-873x1024.jpg"},"portfolio-full":{"width":940,"height":400,"mime-type":"image\/jpeg","url":"http:\/\/www.gemeindeblatt-egestorf.de\/wordpress\/wp-content\/uploads\/2019\/10\/Herbstmarkt-2014-MR_1280-940x400.jpg"},"portfolio-one":{"width":540,"height":272,"mime-type":"image\/jpeg","url":"http:\/\/www.gemeindeblatt-egestorf.de\/wordpress\/wp-content\/uploads\/2019\/10\/Herbstmarkt-2014-MR_1280-540x272.jpg"},"portfolio-two":{"width":460,"height":295,"mime-type":"image\/jpeg","url":"http:\/\/www.gemeindeblatt-egestorf.de\/wordpress\/wp-content\/uploads\/2019\/10\/Herbstmarkt-2014-MR_1280-460x295.jpg"},"portfolio-three":{"width":300,"height":214,"mime-type":"image\/jpeg","url":"http:\/\/www.gemeindeblatt-egestorf.de\/wordpress\/wp-content\/uploads\/2019\/10\/Herbstmarkt-2014-MR_1280-300x214.jpg"},"portfolio-five":{"width":177,"height":142,"mime-type":"image\/jpeg","url":"http:\/\/www.gemeindeblatt-egestorf.de\/wordpress\/wp-content\/uploads\/2019\/10\/Herbstmarkt-2014-MR_1280-177x142.jpg"},"blog-large":{"width":669,"height":272,"mime-type":"image\/jpeg","url":"http:\/\/www.gemeindeblatt-egestorf.de\/wordpress\/wp-content\/uploads\/2019\/10\/Herbstmarkt-2014-MR_1280-669x272.jpg"},"blog-medium":{"width":320,"height":202,"mime-type":"image\/jpeg","url":"http:\/\/www.gemeindeblatt-egestorf.de\/wordpress\/wp-content\/uploads\/2019\/10\/Herbstmarkt-2014-MR_1280-320x202.jpg"},"recent-posts":{"width":700,"height":441,"mime-type":"image\/jpeg","url":"http:\/\/www.gemeindeblatt-egestorf.de\/wordpress\/wp-content\/uploads\/2019\/10\/Herbstmarkt-2014-MR_1280-700x441.jpg"},"recent-works-thumbnail":{"width":66,"height":66,"mime-type":"image\/jpeg","url":"http:\/\/www.gemeindeblatt-egestorf.de\/wordpress\/wp-content\/uploads\/2019\/10\/Herbstmarkt-2014-MR_1280-66x66.jpg"},"fusion-200":{"width":200,"height":235,"mime-type":"image\/jpeg","url":"http:\/\/www.gemeindeblatt-egestorf.de\/wordpress\/wp-content\/uploads\/2019\/10\/Herbstmarkt-2014-MR_1280-200x235.jpg"},"fusion-400":{"width":400,"height":469,"mime-type":"image\/jpeg","url":"http:\/\/www.gemeindeblatt-egestorf.de\/wordpress\/wp-content\/uploads\/2019\/10\/Herbstmarkt-2014-MR_1280-400x469.jpg"},"fusion-600":{"width":600,"height":704,"mime-type":"image\/jpeg","url":"http:\/\/www.gemeindeblatt-egestorf.de\/wordpress\/wp-content\/uploads\/2019\/10\/Herbstmarkt-2014-MR_1280-600x704.jpg"},"fusion-800":{"width":800,"height":939,"mime-type":"image\/jpeg","url":"http:\/\/www.gemeindeblatt-egestorf.de\/wordpress\/wp-content\/uploads\/2019\/10\/Herbstmarkt-2014-MR_1280-800x939.jpg"},"fusion-1200":{"width":1200,"height":1408,"mime-type":"image\/jpeg","url":"http:\/\/www.gemeindeblatt-egestorf.de\/wordpress\/wp-content\/uploads\/2019\/10\/Herbstmarkt-2014-MR_1280-1200x1408.jpg"}}},"all_day":true,"start_date":"2019-10-27 00:00:00","start_date_details":{"year":"2019","month":"10","day":"27","hour":"00","minutes":"00","seconds":"00"},"end_date":"2019-10-28 23:59:59","end_date_details":{"year":"2019","month":"10","day":"28","hour":"23","minutes":"59","seconds":"59"},"utc_start_date":"2019-10-26 22:00:00","utc_start_date_details":{"year":"2019","month":"10","day":"26","hour":"22","minutes":"00","seconds":"00"},"utc_end_date":"2019-10-28 22:59:59","utc_end_date_details":{"year":"2019","month":"10","day":"28","hour":"22","minutes":"59","seconds":"59"},"timezone":"Europe\/Berlin","timezone_abbr":"CEST","cost":"","cost_details":{"currency_symbol":"","currency_position":"prefix","values":[]},"website":"","show_map":true,"show_map_link":true,"hide_from_listings":false,"sticky":false,"featured":false,"categories":[],"tags":[],"venue":{"id":489,"author":"1","status":"publish","date":"2019-09-01 14:57:32","date_utc":"2019-09-01 12:57:32","modified":"2019-09-01 14:57:32","modified_utc":"2019-09-01 12:57:32","url":"http:\/\/www.gemeindeblatt-egestorf.de\/wordpress\/veranstaltungsort\/platz-vor-der-st-stephanus-kirche\/","venue":"Platz vor der St. Stephanus Kirche","slug":"platz-vor-der-st-stephanus-kirche","address":"Suderm\u00fchler Weg 1","city":"Egestorf","zip":"21272","phone":"04175 1516","json_ld":{"@type":"Place","name":"Platz vor der St. Stephanus Kirche","description":"","url":"","address":{"@type":"PostalAddress","streetAddress":"Suderm\u00fchler Weg 1","addressLocality":"Egestorf","postalCode":"21272"},"telephone":"04175 1516","sameAs":""},"show_map":true,"show_map_link":true,"global_id":"www.gemeindeblatt-egestorf.de\/wordpress?id=489","global_id_lineage":["www.gemeindeblatt-egestorf.de\/wordpress?id=489"]},"organizer":[],"json_ld":{"@context":"http:\/\/schema.org","@type":"Event","name":"Herbstmarkt Egestorf","description":"&lt;p&gt;Der Egestorfer Kram- und Viehmarkt in der L\u00fcneburger Heide hat Tradition. Es gibt ihn bereits seit 1379. Der Name des Egestorfer Herbstmarktes lautet offiziell \u201eKram- und Viehmarkt\u201c, denn fr\u00fcher wie heute handelt man hier mit Vieh und Waren. Der Viehmarkt findet am Sonntag statt und beginnt bereits in der Fr\u00fche um 8.00 Uhr. Erstehen kann [&hellip;]&lt;\/p&gt;\\n","image":"http:\/\/www.gemeindeblatt-egestorf.de\/wordpress\/wp-content\/uploads\/2019\/10\/Herbstmarkt-2014-MR_1280.jpg","url":"http:\/\/www.gemeindeblatt-egestorf.de\/wordpress\/event\/herbstmarkt-egestorf\/","startDate":"2019-10-27T00:00:00+02:00","endDate":"2019-10-28T23:59:59+01:00","location":{"@type":"Place","name":"Platz vor der St. Stephanus Kirche","description":"","url":"","address":{"@type":"PostalAddress","streetAddress":"Suderm\u00fchler Weg 1","addressLocality":"Egestorf","postalCode":"21272"},"telephone":"04175 1516","sameAs":""},"performer":"Organization"}}