{"id":453,"global_id":"www.gemeindeblatt-egestorf.de\/wordpress?id=453","global_id_lineage":["www.gemeindeblatt-egestorf.de\/wordpress?id=453"],"author":"1","status":"publish","date":"2019-08-21 16:58:18","date_utc":"2019-08-21 14:58:18","modified":"2019-09-22 11:59:20","modified_utc":"2019-09-22 09:59:20","url":"http:\/\/www.gemeindeblatt-egestorf.de\/wordpress\/event\/453\/","rest_url":"http:\/\/www.gemeindeblatt-egestorf.de\/wordpress\/wp-json\/tribe\/events\/v1\/events\/453","title":"Historischer Rundgang durch den Heideort Egestorf","description":"<div class=\"beschreibung\">\n<div class=\"langbeschreibung\">\n<p><strong>Historischer Rundgang durch den Heideort Egestorf<\/strong><\/p>\n<p>Reetgedeckte Fachwerkh\u00e4user von alten Steinmauern ums\u00e4umt, alte Niedersachsenh\u00e4user, die historische St. Stephanus Kirche umgeben von altem Baumbestand und der philosophische Steingarten pr\u00e4gen das Ortsbild der Naturparkgemeinde Egestorf. Nur wenige hundert Meter trennen den Ort vom Naturschutzgebiet L\u00fcneburger Heide und den gr\u00f6\u00dften zusammenh\u00e4ngenden Heidefl\u00e4chen Europas.<\/p>\n<p>Diese zu sch\u00fctzen und zu erhalten war auch das Interesse des wohl bekanntesten Bewohners des Ortes, dem Heidepastor Wilhelm Bode, der den 1. Naturschutzpark in Deutschland gegr\u00fcndet hat. Am Ende Ihres Rundganges mit der zertifizierten Natur- und Landschaftsf\u00fchrerin Brigitte Neven, haben Sie Gelegenheit, Kaffee und leckeren Butterkuchen zu genie\u00dfen.<br \/>\nDauer ca. 1,5 Std.<br \/>\nPreis pro Person 3,- \u20ac<\/p>\n<p>(eg\/w\u00fc)<\/p>\n<\/div>\n<\/div>\n<p class=\"rubriken\"><span class=\"h_abschnitt\">Rubrik<\/span><br \/>\nF\u00fchrungen<\/p>\n<div><span class=\"h_abschnitt\">Veranstaltungsort<\/span><br \/>\nEgestorf, Platz vor der Kirche<\/div>\n<div><span class=\"h_abschnitt\">Veranstalter<\/span><br \/>\nBrigitte Neven, Natur- u. Landschaftsf\u00fchrerin 04175-649<\/div>","excerpt":"","slug":"453","image":{"url":"http:\/\/www.gemeindeblatt-egestorf.de\/wordpress\/wp-content\/uploads\/2019\/09\/20190822_1920_b-c.jpg","id":496,"extension":"jpg","width":1920,"height":1080,"sizes":{"thumbnail":{"width":150,"height":150,"mime-type":"image\/jpeg","url":"http:\/\/www.gemeindeblatt-egestorf.de\/wordpress\/wp-content\/uploads\/2019\/09\/20190822_1920_b-c-150x150.jpg"},"medium":{"width":300,"height":169,"mime-type":"image\/jpeg","url":"http:\/\/www.gemeindeblatt-egestorf.de\/wordpress\/wp-content\/uploads\/2019\/09\/20190822_1920_b-c-300x169.jpg"},"medium_large":{"width":768,"height":432,"mime-type":"image\/jpeg","url":"http:\/\/www.gemeindeblatt-egestorf.de\/wordpress\/wp-content\/uploads\/2019\/09\/20190822_1920_b-c-768x432.jpg"},"large":{"width":1024,"height":576,"mime-type":"image\/jpeg","url":"http:\/\/www.gemeindeblatt-egestorf.de\/wordpress\/wp-content\/uploads\/2019\/09\/20190822_1920_b-c-1024x576.jpg"},"portfolio-full":{"width":940,"height":400,"mime-type":"image\/jpeg","url":"http:\/\/www.gemeindeblatt-egestorf.de\/wordpress\/wp-content\/uploads\/2019\/09\/20190822_1920_b-c-940x400.jpg"},"portfolio-one":{"width":540,"height":272,"mime-type":"image\/jpeg","url":"http:\/\/www.gemeindeblatt-egestorf.de\/wordpress\/wp-content\/uploads\/2019\/09\/20190822_1920_b-c-540x272.jpg"},"portfolio-two":{"width":460,"height":295,"mime-type":"image\/jpeg","url":"http:\/\/www.gemeindeblatt-egestorf.de\/wordpress\/wp-content\/uploads\/2019\/09\/20190822_1920_b-c-460x295.jpg"},"portfolio-three":{"width":300,"height":214,"mime-type":"image\/jpeg","url":"http:\/\/www.gemeindeblatt-egestorf.de\/wordpress\/wp-content\/uploads\/2019\/09\/20190822_1920_b-c-300x214.jpg"},"portfolio-five":{"width":177,"height":142,"mime-type":"image\/jpeg","url":"http:\/\/www.gemeindeblatt-egestorf.de\/wordpress\/wp-content\/uploads\/2019\/09\/20190822_1920_b-c-177x142.jpg"},"blog-large":{"width":669,"height":272,"mime-type":"image\/jpeg","url":"http:\/\/www.gemeindeblatt-egestorf.de\/wordpress\/wp-content\/uploads\/2019\/09\/20190822_1920_b-c-669x272.jpg"},"blog-medium":{"width":320,"height":202,"mime-type":"image\/jpeg","url":"http:\/\/www.gemeindeblatt-egestorf.de\/wordpress\/wp-content\/uploads\/2019\/09\/20190822_1920_b-c-320x202.jpg"},"recent-posts":{"width":700,"height":441,"mime-type":"image\/jpeg","url":"http:\/\/www.gemeindeblatt-egestorf.de\/wordpress\/wp-content\/uploads\/2019\/09\/20190822_1920_b-c-700x441.jpg"},"recent-works-thumbnail":{"width":66,"height":66,"mime-type":"image\/jpeg","url":"http:\/\/www.gemeindeblatt-egestorf.de\/wordpress\/wp-content\/uploads\/2019\/09\/20190822_1920_b-c-66x66.jpg"},"fusion-200":{"width":200,"height":113,"mime-type":"image\/jpeg","url":"http:\/\/www.gemeindeblatt-egestorf.de\/wordpress\/wp-content\/uploads\/2019\/09\/20190822_1920_b-c-200x113.jpg"},"fusion-400":{"width":400,"height":225,"mime-type":"image\/jpeg","url":"http:\/\/www.gemeindeblatt-egestorf.de\/wordpress\/wp-content\/uploads\/2019\/09\/20190822_1920_b-c-400x225.jpg"},"fusion-600":{"width":600,"height":338,"mime-type":"image\/jpeg","url":"http:\/\/www.gemeindeblatt-egestorf.de\/wordpress\/wp-content\/uploads\/2019\/09\/20190822_1920_b-c-600x338.jpg"},"fusion-800":{"width":800,"height":450,"mime-type":"image\/jpeg","url":"http:\/\/www.gemeindeblatt-egestorf.de\/wordpress\/wp-content\/uploads\/2019\/09\/20190822_1920_b-c-800x450.jpg"},"fusion-1200":{"width":1200,"height":675,"mime-type":"image\/jpeg","url":"http:\/\/www.gemeindeblatt-egestorf.de\/wordpress\/wp-content\/uploads\/2019\/09\/20190822_1920_b-c-1200x675.jpg"}}},"all_day":false,"start_date":"2019-09-26 11:00:00","start_date_details":{"year":"2019","month":"09","day":"26","hour":"11","minutes":"00","seconds":"00"},"end_date":"2019-09-26 12:30:00","end_date_details":{"year":"2019","month":"09","day":"26","hour":"12","minutes":"30","seconds":"00"},"utc_start_date":"2019-09-26 09:00:00","utc_start_date_details":{"year":"2019","month":"09","day":"26","hour":"09","minutes":"00","seconds":"00"},"utc_end_date":"2019-09-26 10:30:00","utc_end_date_details":{"year":"2019","month":"09","day":"26","hour":"10","minutes":"30","seconds":"00"},"timezone":"Europe\/Berlin","timezone_abbr":"CEST","cost":"","cost_details":{"currency_symbol":"","currency_position":"prefix","values":[]},"website":"","show_map":true,"show_map_link":true,"hide_from_listings":false,"sticky":false,"featured":false,"categories":[],"tags":[],"venue":[],"organizer":[],"json_ld":{"@context":"http:\/\/schema.org","@type":"Event","name":"Historischer Rundgang durch den Heideort Egestorf","description":"&lt;p&gt;Historischer Rundgang durch den Heideort Egestorf Reetgedeckte Fachwerkh\u00e4user von alten Steinmauern ums\u00e4umt, alte Niedersachsenh\u00e4user, die historische St. Stephanus Kirche umgeben von altem Baumbestand und der philosophische Steingarten pr\u00e4gen das Ortsbild der Naturparkgemeinde Egestorf. Nur wenige hundert Meter trennen den Ort vom Naturschutzgebiet L\u00fcneburger Heide und den gr\u00f6\u00dften zusammenh\u00e4ngenden Heidefl\u00e4chen Europas. Diese zu sch\u00fctzen und zu [&hellip;]&lt;\/p&gt;\\n","image":"http:\/\/www.gemeindeblatt-egestorf.de\/wordpress\/wp-content\/uploads\/2019\/09\/20190822_1920_b-c.jpg","url":"http:\/\/www.gemeindeblatt-egestorf.de\/wordpress\/event\/453\/","startDate":"2019-09-26T11:00:00+02:00","endDate":"2019-09-26T12:30:00+02:00","performer":"Organization"}}